{"id":5538,"date":"2026-08-15T08:57:10","date_gmt":"2026-08-15T06:57:10","guid":{"rendered":"https:\/\/realacademiadesanquirce.es\/?p=5538"},"modified":"2026-08-16T21:23:39","modified_gmt":"2026-08-16T19:23:39","slug":"el-eclipse-de-2026-en-segovia-un-minuto-para-la-historia","status":"publish","type":"post","link":"https:\/\/realacademiadesanquirce.es\/?p=5538","title":{"rendered":"El eclipse de 2026 en Segovia: un minuto para la Historia"},"content":{"rendered":"\n<p class=\"wp-block-paragraph\">Desde el enlosado de la Catedral, la Ronda de Don Juan II, la plaza de la Reina Victoria Eugenia y las lomas abiertas al poniente, miles de personas pudimos contemplar, este 12 de agosto, c\u00f3mo el Sol desaparec\u00eda por completo engullido por la Luna en <strong>un minuto fugaz \u2013entre las 20:31 y las 20:32\u2013 que todos quisimos atrapar para disfrutarlo con intensidad<\/strong>. Exclamamos, aplaudimos y repetimos una y otra vez que hab\u00eda merecido la pena. Nadie \u2013creo\u2013 qued\u00f3 defraudado. \u00abHa sido incre\u00edble\u00bb, pudo o\u00edrse en m\u00e1s de una ocasi\u00f3n cuando el baile de los cuerpos celestes hab\u00eda concluido.<\/p>\n\n\n\n<p class=\"wp-block-paragraph\">Es dif\u00edcil describir con palabras las sensaciones que un eclipse de semejante belleza deja en el \u00e1nimo. Pero vamos a intentar, al menos, trazar una <strong>cr\u00f3nica de ese instante m\u00e1gico<\/strong> en que Naturaleza e Historia parecieron fundirse sobre el cielo raso de Segovia.<\/p>\n\n\n<div class=\"wp-block-image has-lightbox\">\n<figure class=\"aligncenter size-large is-resized\"><img loading=\"lazy\" decoding=\"async\" width=\"1024\" height=\"630\" src=\"https:\/\/realacademiadesanquirce.es\/wp-content\/uploads\/2026\/08\/@CarlosAlvaro01-1024x630.jpg\" alt=\"\" class=\"wp-image-5561\" style=\"aspect-ratio:1.6251623142403693;width:743px;height:auto\" srcset=\"https:\/\/realacademiadesanquirce.es\/wp-content\/uploads\/2026\/08\/@CarlosAlvaro01-1024x630.jpg 1024w, https:\/\/realacademiadesanquirce.es\/wp-content\/uploads\/2026\/08\/@CarlosAlvaro01-300x185.jpg 300w, https:\/\/realacademiadesanquirce.es\/wp-content\/uploads\/2026\/08\/@CarlosAlvaro01-768x473.jpg 768w, https:\/\/realacademiadesanquirce.es\/wp-content\/uploads\/2026\/08\/@CarlosAlvaro01-1536x945.jpg 1536w, https:\/\/realacademiadesanquirce.es\/wp-content\/uploads\/2026\/08\/@CarlosAlvaro01-2048x1260.jpg 2048w\" sizes=\"auto, (max-width: 1024px) 100vw, 1024px\" \/><\/figure>\n<\/div>\n\n\n<figure class=\"wp-block-image size-large has-lightbox\"><img loading=\"lazy\" decoding=\"async\" width=\"1024\" height=\"724\" src=\"https:\/\/realacademiadesanquirce.es\/wp-content\/uploads\/2026\/08\/@CarlosAlvaro02-1024x724.jpg\" alt=\"\" class=\"wp-image-5562\" srcset=\"https:\/\/realacademiadesanquirce.es\/wp-content\/uploads\/2026\/08\/@CarlosAlvaro02-1024x724.jpg 1024w, https:\/\/realacademiadesanquirce.es\/wp-content\/uploads\/2026\/08\/@CarlosAlvaro02-300x212.jpg 300w, https:\/\/realacademiadesanquirce.es\/wp-content\/uploads\/2026\/08\/@CarlosAlvaro02-768x543.jpg 768w, https:\/\/realacademiadesanquirce.es\/wp-content\/uploads\/2026\/08\/@CarlosAlvaro02-1536x1086.jpg 1536w, https:\/\/realacademiadesanquirce.es\/wp-content\/uploads\/2026\/08\/@CarlosAlvaro02-2048x1448.jpg 2048w, https:\/\/realacademiadesanquirce.es\/wp-content\/uploads\/2026\/08\/@CarlosAlvaro02-90x65.jpg 90w\" sizes=\"auto, (max-width: 1024px) 100vw, 1024px\" \/><\/figure>\n\n\n\n<p class=\"wp-block-paragraph\">El Sol del ferragosto calienta implacable cuando, a eso de las 19:35 horas, muestra la primera dentellada de la Luna. El Azoguejo hierve con un<strong> trasiego desusado<\/strong>, distinto al de cualquier mi\u00e9rcoles. Familias portan sillas plegables, grupos de j\u00f3venes llevan gafas negras colgadas del cuello y se oyen distintos idiomas. Un r\u00edo de expectaci\u00f3n contenida fluye hacia la cara oeste de la ciudad <strong>en busca del mejor lugar para ver el Sol<\/strong>. Algunos ya se protegen la vista; otros miran de reojo, como si a\u00fan no se atrevieran del todo a creer que el fen\u00f3meno vaya a alcanzar la totalidad. El ambiente es bueno, casi festivo, pero no bullicioso. En el enlosado de la Catedral se forma una gran cola. El concierto <em>M\u00fasica para un Eclipse<\/em> est\u00e1 a punto de comenzar. El Ayuntamiento ha dispuesto ochocientas plazas. El escenario se orienta de tal manera que el p\u00fablico pueda disfrutar de la m\u00fasica y, al mismo tiempo, dirigir la vista hacia el Sol, que va ocult\u00e1ndose poco a poco. El grader\u00edo se llena con rapidez.<\/p>\n\n\n\n<p class=\"wp-block-paragraph\">Muchas personas, tambi\u00e9n, en el paseo del Sal\u00f3n, que ofrece buenas perspectivas. No son pocos quienes han improvisado peque\u00f1os observatorios caseros en el mism\u00edsimo adarve de la Ronda de Don Juan II: tr\u00edpodes, c\u00e1maras con filtros, sombrillas y paraguas abiertos para protegerse de los 34\u00baC que caen del cielo. En cada recodo, en cada saliente de la muralla, hay curiosos apostados. Algunos han tra\u00eddo mantas; otros, sillas de campo. El ambiente es de <strong>paciencia y anticipaci\u00f3n serena<\/strong>. Delante del Alc\u00e1zar, en torno al Monumento a Daoiz y Velarde, el espacio est\u00e1 completamente ocupado. Unos sentados en el suelo, otros de pie, ni\u00f1os que corren entre las piernas de los adultos, ancianos que se han asegurado un buen sitio desde hace horas. Otros muchos han elegido los alrededores de la Vera Cruz para vivir tan m\u00e1gico momento&#8230; El Sol se desparrama sobre la fortaleza.<\/p>\n\n\n<div class=\"wp-block-image has-lightbox\">\n<figure class=\"aligncenter size-large is-resized\"><img loading=\"lazy\" decoding=\"async\" width=\"1024\" height=\"579\" src=\"https:\/\/realacademiadesanquirce.es\/wp-content\/uploads\/2026\/08\/@CarlosAlvaro03-1024x579.jpg\" alt=\"\" class=\"wp-image-5563\" style=\"aspect-ratio:1.7686220324079889;width:699px;height:auto\" srcset=\"https:\/\/realacademiadesanquirce.es\/wp-content\/uploads\/2026\/08\/@CarlosAlvaro03-1024x579.jpg 1024w, https:\/\/realacademiadesanquirce.es\/wp-content\/uploads\/2026\/08\/@CarlosAlvaro03-300x169.jpg 300w, https:\/\/realacademiadesanquirce.es\/wp-content\/uploads\/2026\/08\/@CarlosAlvaro03-768x434.jpg 768w, https:\/\/realacademiadesanquirce.es\/wp-content\/uploads\/2026\/08\/@CarlosAlvaro03-1536x868.jpg 1536w, https:\/\/realacademiadesanquirce.es\/wp-content\/uploads\/2026\/08\/@CarlosAlvaro03-2048x1157.jpg 2048w\" sizes=\"auto, (max-width: 1024px) 100vw, 1024px\" \/><\/figure>\n<\/div>\n\n\n<figure class=\"wp-block-image size-large has-lightbox\"><img loading=\"lazy\" decoding=\"async\" width=\"1024\" height=\"607\" src=\"https:\/\/realacademiadesanquirce.es\/wp-content\/uploads\/2026\/08\/@CarlosAlvaro04-1024x607.jpg\" alt=\"\" class=\"wp-image-5564\" srcset=\"https:\/\/realacademiadesanquirce.es\/wp-content\/uploads\/2026\/08\/@CarlosAlvaro04-1024x607.jpg 1024w, https:\/\/realacademiadesanquirce.es\/wp-content\/uploads\/2026\/08\/@CarlosAlvaro04-300x178.jpg 300w, https:\/\/realacademiadesanquirce.es\/wp-content\/uploads\/2026\/08\/@CarlosAlvaro04-768x455.jpg 768w, https:\/\/realacademiadesanquirce.es\/wp-content\/uploads\/2026\/08\/@CarlosAlvaro04-1536x911.jpg 1536w, https:\/\/realacademiadesanquirce.es\/wp-content\/uploads\/2026\/08\/@CarlosAlvaro04-2048x1215.jpg 2048w\" sizes=\"auto, (max-width: 1024px) 100vw, 1024px\" \/><\/figure>\n\n\n\n<p class=\"wp-block-paragraph\">Ya en los Altos de la Piedad, lo que de lejos parec\u00eda una compacta multitud se atomiza, de cerca, en grup\u00fasculos dispersos. No hay una aglomeraci\u00f3n asfixiante, sino familias, parejas y grupos de amigos estrat\u00e9gicamente situados. El aparcamiento del hospital, lleno de coches. Y muchos espectadores en las lomas que coronan el circuito de motocroos. <strong>C\u00e1maras fotogr\u00e1ficas dispuestas. Murmullos.<\/strong> Son las 19:56 y la temperatura ha descendido un grado. El Sol, justo enfrente, brilla sobre la vertical de Valverde del Majano. Todos los mont\u00edculos circundantes tienen p\u00fablico. En la zona donde dos globos aerost\u00e1ticos se disponen a despegar tambi\u00e9n hay espectadores sentados, cerca de los pinos, buscando la sombra, con toallas en el suelo, alguna carpa, alg\u00fan toldo, alguna furgoneta y sillas de campo. La Luna empieza a ganar la batalla. El silencio no es absoluto, pero s\u00ed respetuoso. Conversaciones bajas, risas contenidas, el clic ocasional de una c\u00e1mara&#8230; Y el aire, que empieza a cambiar sutilmente.<\/p>\n\n\n<div class=\"wp-block-image has-lightbox\">\n<figure class=\"aligncenter size-large is-resized\"><img loading=\"lazy\" decoding=\"async\" width=\"1024\" height=\"556\" src=\"https:\/\/realacademiadesanquirce.es\/wp-content\/uploads\/2026\/08\/@CarlosAlvaro10-1024x556.jpg\" alt=\"\" class=\"wp-image-5566\" style=\"aspect-ratio:1.841786847182707;width:702px;height:auto\" srcset=\"https:\/\/realacademiadesanquirce.es\/wp-content\/uploads\/2026\/08\/@CarlosAlvaro10-1024x556.jpg 1024w, https:\/\/realacademiadesanquirce.es\/wp-content\/uploads\/2026\/08\/@CarlosAlvaro10-300x163.jpg 300w, https:\/\/realacademiadesanquirce.es\/wp-content\/uploads\/2026\/08\/@CarlosAlvaro10-768x417.jpg 768w, https:\/\/realacademiadesanquirce.es\/wp-content\/uploads\/2026\/08\/@CarlosAlvaro10-1536x835.jpg 1536w, https:\/\/realacademiadesanquirce.es\/wp-content\/uploads\/2026\/08\/@CarlosAlvaro10-2048x1113.jpg 2048w\" sizes=\"auto, (max-width: 1024px) 100vw, 1024px\" \/><\/figure>\n<\/div>\n\n\n<p class=\"wp-block-paragraph\">Sobre las ocho de la tarde, el sat\u00e9lite cubre ya una cuarta parte del astro rey, convertido en un gajo de naranja luminoso que pierde tama\u00f1o por segundos. <strong>Muta el color de la luz<\/strong>. Ya no es el blanco intenso de la tarde agoste\u00f1a. Trasiego en la torre de la Catedral. Y en el enlosado, donde la m\u00fasica est\u00e1 a punto de empezar a fusionarse con el fen\u00f3meno sid\u00e9reo, que cerca de las ocho y media se acerca irremediablemente a la totalidad, al cl\u00edmax del espect\u00e1culo.<\/p>\n\n\n\n<figure class=\"wp-block-image size-large has-lightbox\"><img loading=\"lazy\" decoding=\"async\" width=\"1024\" height=\"600\" src=\"https:\/\/realacademiadesanquirce.es\/wp-content\/uploads\/2026\/08\/@CarlosAlvaro05-1-1024x600.jpg\" alt=\"\" class=\"wp-image-5567\" srcset=\"https:\/\/realacademiadesanquirce.es\/wp-content\/uploads\/2026\/08\/@CarlosAlvaro05-1-1024x600.jpg 1024w, https:\/\/realacademiadesanquirce.es\/wp-content\/uploads\/2026\/08\/@CarlosAlvaro05-1-300x176.jpg 300w, https:\/\/realacademiadesanquirce.es\/wp-content\/uploads\/2026\/08\/@CarlosAlvaro05-1-768x450.jpg 768w, https:\/\/realacademiadesanquirce.es\/wp-content\/uploads\/2026\/08\/@CarlosAlvaro05-1-1536x899.jpg 1536w, https:\/\/realacademiadesanquirce.es\/wp-content\/uploads\/2026\/08\/@CarlosAlvaro05-1-2048x1199.jpg 2048w\" sizes=\"auto, (max-width: 1024px) 100vw, 1024px\" \/><\/figure>\n\n\n<div class=\"wp-block-image has-lightbox\">\n<figure class=\"aligncenter size-large is-resized\"><img loading=\"lazy\" decoding=\"async\" width=\"1024\" height=\"683\" src=\"https:\/\/realacademiadesanquirce.es\/wp-content\/uploads\/2026\/08\/@CarlosAlvaro07-1024x683.jpg\" alt=\"\" class=\"wp-image-5568\" style=\"aspect-ratio:1.4993477624257914;width:590px;height:auto\" srcset=\"https:\/\/realacademiadesanquirce.es\/wp-content\/uploads\/2026\/08\/@CarlosAlvaro07-1024x683.jpg 1024w, https:\/\/realacademiadesanquirce.es\/wp-content\/uploads\/2026\/08\/@CarlosAlvaro07-300x200.jpg 300w, https:\/\/realacademiadesanquirce.es\/wp-content\/uploads\/2026\/08\/@CarlosAlvaro07-768x512.jpg 768w, https:\/\/realacademiadesanquirce.es\/wp-content\/uploads\/2026\/08\/@CarlosAlvaro07-1536x1024.jpg 1536w, https:\/\/realacademiadesanquirce.es\/wp-content\/uploads\/2026\/08\/@CarlosAlvaro07-2048x1366.jpg 2048w, https:\/\/realacademiadesanquirce.es\/wp-content\/uploads\/2026\/08\/@CarlosAlvaro07-840x560.jpg 840w, https:\/\/realacademiadesanquirce.es\/wp-content\/uploads\/2026\/08\/@CarlosAlvaro07-120x80.jpg 120w, https:\/\/realacademiadesanquirce.es\/wp-content\/uploads\/2026\/08\/@CarlosAlvaro07-360x240.jpg 360w, https:\/\/realacademiadesanquirce.es\/wp-content\/uploads\/2026\/08\/@CarlosAlvaro07-600x400.jpg 600w\" sizes=\"auto, (max-width: 1024px) 100vw, 1024px\" \/><\/figure>\n<\/div>\n\n<div class=\"wp-block-image has-lightbox\">\n<figure class=\"aligncenter size-large is-resized\"><img loading=\"lazy\" decoding=\"async\" width=\"1024\" height=\"578\" src=\"https:\/\/realacademiadesanquirce.es\/wp-content\/uploads\/2026\/08\/@CarlosAlvaro06-1024x578.jpg\" alt=\"\" class=\"wp-image-5569\" style=\"aspect-ratio:1.7716820283745949;width:709px;height:auto\" srcset=\"https:\/\/realacademiadesanquirce.es\/wp-content\/uploads\/2026\/08\/@CarlosAlvaro06-1024x578.jpg 1024w, https:\/\/realacademiadesanquirce.es\/wp-content\/uploads\/2026\/08\/@CarlosAlvaro06-300x169.jpg 300w, https:\/\/realacademiadesanquirce.es\/wp-content\/uploads\/2026\/08\/@CarlosAlvaro06-768x433.jpg 768w, https:\/\/realacademiadesanquirce.es\/wp-content\/uploads\/2026\/08\/@CarlosAlvaro06-1536x867.jpg 1536w, https:\/\/realacademiadesanquirce.es\/wp-content\/uploads\/2026\/08\/@CarlosAlvaro06-2048x1156.jpg 2048w\" sizes=\"auto, (max-width: 1024px) 100vw, 1024px\" \/><\/figure>\n<\/div>\n\n\n<figure class=\"wp-block-image size-large has-lightbox\"><img loading=\"lazy\" decoding=\"async\" width=\"1024\" height=\"739\" src=\"https:\/\/realacademiadesanquirce.es\/wp-content\/uploads\/2026\/08\/@CarlosAlvaro11-1024x739.jpg\" alt=\"\" class=\"wp-image-5570\" srcset=\"https:\/\/realacademiadesanquirce.es\/wp-content\/uploads\/2026\/08\/@CarlosAlvaro11-1024x739.jpg 1024w, https:\/\/realacademiadesanquirce.es\/wp-content\/uploads\/2026\/08\/@CarlosAlvaro11-300x216.jpg 300w, https:\/\/realacademiadesanquirce.es\/wp-content\/uploads\/2026\/08\/@CarlosAlvaro11-768x554.jpg 768w, https:\/\/realacademiadesanquirce.es\/wp-content\/uploads\/2026\/08\/@CarlosAlvaro11-1536x1108.jpg 1536w, https:\/\/realacademiadesanquirce.es\/wp-content\/uploads\/2026\/08\/@CarlosAlvaro11-2048x1478.jpg 2048w, https:\/\/realacademiadesanquirce.es\/wp-content\/uploads\/2026\/08\/@CarlosAlvaro11-90x65.jpg 90w\" sizes=\"auto, (max-width: 1024px) 100vw, 1024px\" \/><\/figure>\n\n\n\n<p class=\"wp-block-paragraph\">En el Pinarillo, arriba, la expectaci\u00f3n es absoluta. Lo poqu\u00edsimo que queda de Sol desprende un color anaranjado que va apoder\u00e1ndose del \u00e9ter de la ciudad, orgullosa de su perfil.<strong> Paisaje amarillento, m\u00e1gico, espectral.<\/strong> \u00ab\u00a1Ya queda poco, ya queda poco!\u00bb, exclama una chica que presencia el espect\u00e1culo con sus amigos. \u00abMira c\u00f3mo se est\u00e1 poniendo esto de oscuro\u00bb, indica un muchacho a su padre. Y as\u00ed es. La noche cae de manera acelerada, anticipadamente, sobre la vieja Segovia y los at\u00f3nitos espectadores piden silencio. <strong>El reloj marca las ocho y treinta y un minutos, el term\u00f3metro desciende dos grados m\u00e1s y los p\u00e1jaros buscan refugio.<\/strong> A lo lejos, un punto negro en medio de la corona solar y un <strong>destello ros\u00e1ceo junto al disco de la Luna<\/strong>. \u00abDios, \u00bfqu\u00e9 es eso?\u00bb. Hacia el infinito oeste, la mancha viol\u00e1cea de la tierra sobre el fondo de los cielos. \u00ab\u00a1Asombroso! \u00a1Impresionante!\u00bb. El m\u00e1ximo de oscuridad dura apenas unos instantes, pero dedico dos segundos a pensar en quienes en 1905 vieron lo mismo que yo estoy viendo ahora. Despu\u00e9s, el Sol vuelve a asomar y la poblaci\u00f3n va recobrando poco a poco su aspecto. Aplausos. \u00abHa sido maravilloso, pero qu\u00e9 poquito ha durado\u00bb, se lamenta una mujer. \u00abEs mucho mejor de lo que cre\u00edamos\u00bb, dice otra.<\/p>\n\n\n<div class=\"wp-block-image has-lightbox\">\n<figure class=\"aligncenter size-large is-resized\"><img loading=\"lazy\" decoding=\"async\" width=\"1024\" height=\"812\" src=\"https:\/\/realacademiadesanquirce.es\/wp-content\/uploads\/2026\/08\/@SanQuirce-1024x812.jpg\" alt=\"\" class=\"wp-image-5550\" style=\"aspect-ratio:1.2611119819073422;width:553px;height:auto\" srcset=\"https:\/\/realacademiadesanquirce.es\/wp-content\/uploads\/2026\/08\/@SanQuirce-1024x812.jpg 1024w, https:\/\/realacademiadesanquirce.es\/wp-content\/uploads\/2026\/08\/@SanQuirce-300x238.jpg 300w, https:\/\/realacademiadesanquirce.es\/wp-content\/uploads\/2026\/08\/@SanQuirce-768x609.jpg 768w, https:\/\/realacademiadesanquirce.es\/wp-content\/uploads\/2026\/08\/@SanQuirce.jpg 1028w\" sizes=\"auto, (max-width: 1024px) 100vw, 1024px\" \/><\/figure>\n<\/div>\n\n\n<p class=\"wp-block-paragraph\">Ese momento supremo, sorprendente, quedar\u00e1 grabado en la memoria de quienes lo vivimos desde la ciudad monumental, porque Segovia tampoco defraud\u00f3 al poner el contrapunto hist\u00f3rico y art\u00edstico al fen\u00f3meno natural. <strong>Fue un minuto \u00fanico en el que miles de miradas contemplamos la belleza austera y poderosa, sublime, de un eclipse total de Sol.<\/strong><\/p>\n\n\n\n<p class=\"has-text-align-right wp-block-paragraph\">Carlos \u00c1lvaro<\/p>\n\n\n\n<p class=\"wp-block-paragraph\">(*) Fotograf\u00eda superior: El eclipse, desde Sep\u00falveda \/ DIEGO CONTE<\/p>\n\n\n\n<p class=\"wp-block-paragraph\"><\/p>\n","protected":false},"excerpt":{"rendered":"<p>Desde el enlosado de la Catedral, la Ronda de Don Juan II, la plaza de la Reina Victoria Eugenia y [&#8230;]<\/p>\n","protected":false},"author":2,"featured_media":5539,"comment_status":"closed","ping_status":"closed","sticky":false,"template":"","format":"standard","meta":{"_coblocks_attr":"","_coblocks_dimensions":"","_coblocks_responsive_height":"","_coblocks_accordion_ie_support":"","_jetpack_memberships_contains_paid_content":false,"footnotes":""},"categories":[1],"tags":[],"class_list":["post-5538","post","type-post","status-publish","format-standard","has-post-thumbnail","hentry","category-actualidad"],"jetpack_featured_media_url":"https:\/\/realacademiadesanquirce.es\/wp-content\/uploads\/2026\/08\/@DiegoConte.jpg","jetpack_sharing_enabled":true,"_links":{"self":[{"href":"https:\/\/realacademiadesanquirce.es\/index.php?rest_route=\/wp\/v2\/posts\/5538","targetHints":{"allow":["GET"]}}],"collection":[{"href":"https:\/\/realacademiadesanquirce.es\/index.php?rest_route=\/wp\/v2\/posts"}],"about":[{"href":"https:\/\/realacademiadesanquirce.es\/index.php?rest_route=\/wp\/v2\/types\/post"}],"author":[{"embeddable":true,"href":"https:\/\/realacademiadesanquirce.es\/index.php?rest_route=\/wp\/v2\/users\/2"}],"replies":[{"embeddable":true,"href":"https:\/\/realacademiadesanquirce.es\/index.php?rest_route=%2Fwp%2Fv2%2Fcomments&post=5538"}],"version-history":[{"count":14,"href":"https:\/\/realacademiadesanquirce.es\/index.php?rest_route=\/wp\/v2\/posts\/5538\/revisions"}],"predecessor-version":[{"id":5577,"href":"https:\/\/realacademiadesanquirce.es\/index.php?rest_route=\/wp\/v2\/posts\/5538\/revisions\/5577"}],"wp:featuredmedia":[{"embeddable":true,"href":"https:\/\/realacademiadesanquirce.es\/index.php?rest_route=\/wp\/v2\/media\/5539"}],"wp:attachment":[{"href":"https:\/\/realacademiadesanquirce.es\/index.php?rest_route=%2Fwp%2Fv2%2Fmedia&parent=5538"}],"wp:term":[{"taxonomy":"category","embeddable":true,"href":"https:\/\/realacademiadesanquirce.es\/index.php?rest_route=%2Fwp%2Fv2%2Fcategories&post=5538"},{"taxonomy":"post_tag","embeddable":true,"href":"https:\/\/realacademiadesanquirce.es\/index.php?rest_route=%2Fwp%2Fv2%2Ftags&post=5538"}],"curies":[{"name":"wp","href":"https:\/\/api.w.org\/{rel}","templated":true}]}}