{"id":5613,"date":"2026-08-22T08:15:13","date_gmt":"2026-08-22T06:15:13","guid":{"rendered":"https:\/\/realacademiadesanquirce.es\/?p=5613"},"modified":"2026-08-22T08:15:13","modified_gmt":"2026-08-22T06:15:13","slug":"in-memoriam-elena-quintanilla-garcia","status":"publish","type":"post","link":"https:\/\/realacademiadesanquirce.es\/?p=5613","title":{"rendered":"In memoriam. Elena Quintanilla Garc\u00eda"},"content":{"rendered":"\n<p class=\"wp-block-paragraph\">Este mes de agosto ha fallecido nuestra madre, <strong>Elena Quintanilla Garc\u00eda<\/strong>. Persona en\u00e9rgica e independiente, llev\u00f3 con entereza los \u00faltimos y penosos a\u00f1os de su vida, atada a una silla de ruedas, sin rendirse, hasta que su cuerpo s\u00ed lo hizo.<\/p>\n\n\n\n<p class=\"wp-block-paragraph\">Hija mayor de <strong>Mariano Quintanilla Romero<\/strong> y <strong>Elena Garc\u00eda Fresnedo<\/strong>, fue la \u00fanica que no naci\u00f3 en Segovia, sino en Valencia, en plena Guerra Civil, aunque la bautizaron en la Catedral de Segovia, a los dos a\u00f1os. A pesar de las dificultades y penurias de la \u00e9poca, pues incluso enferm\u00f3 de tuberculosis, no ten\u00eda malos recuerdos de su ni\u00f1ez y juventud, ni guard\u00f3 resentimientos, gracias, sin duda, al esfuerzo de su familia. Y aunque se march\u00f3 a vivir a Madrid a los veinte a\u00f1os, con su familia, y sigui\u00f3 all\u00ed despu\u00e9s de casarse con nuestro padre, <strong>Juan Mor\u00e1n Mart\u00ednez-Aedo<\/strong>, se consideraba segoviana de pro. Y a Segovia volv\u00edamos todos los veranos, mientras pudo hacerlo. E inculc\u00f3 ese inter\u00e9s y amor por Segovia a sus hijos. Igual que antes se los hab\u00eda inculcado a ella su padre.<\/p>\n\n\n\n<p class=\"wp-block-paragraph\">Aunque no curs\u00f3 estudios universitarios, si \u00abten\u00eda aprobada la segunda rev\u00e1lida\u00bb, como ella dec\u00eda, es decir, que era Bachiller Superior. Y era realmente buena en las asignaturas de ciencias, como las Matem\u00e1ticas, y art\u00edsticas, como el Dibujo y el Bordado. Cuando le dec\u00edan que no hab\u00eda trabajado, porque era ama de casa, respond\u00eda que s\u00ed trabajaba, y lo segu\u00eda haciendo, pero sin sueldo, sin pensi\u00f3n, sin horarios, sin bajas y sin jubilaci\u00f3n. Por ello se preocup\u00f3 de los estudios de todos sus hijos e hijas, para que tuvi\u00e9ramos los medios de vida que nos garantizaran estima e independencia. Como otras muchas mujeres que \u00abno trabajaban\u00bb, fue el alma y el pilar de la familia, a la que ha transmiti\u00f3, junto con nuestro padre, sus valores y su \u00e9tica de trabajo.<\/p>\n\n\n\n<p class=\"wp-block-paragraph\">Siempre la rode\u00f3 un ambiente cultural y acad\u00e9mico excepcional, con la figura de su padre de referente, junto con los incontables artistas, escritores, ensayistas e intelectuales con los que \u00e9l se relacionaba. Incluso su suegro, <strong>Juan Mor\u00e1n Samaniego<\/strong>, catedr\u00e1tico de Lat\u00edn, ya ten\u00eda amistad con Mariano Quintanilla a\u00f1os antes de que se conocieran sus respectivos hijos. Esto hizo que Elena desarrollara un instinto especial para apreciar y preservar, junto con su hermana <strong>Rosa<\/strong>, el legado de su padre.<\/p>\n\n\n\n<p class=\"wp-block-paragraph\">Los que la conocieron saben lo simp\u00e1tica y animada que era, tratando a todos por igual, siempre dispuesta a hacer un favor o un esfuerzo personal por quien se lo pidiera, quit\u00e1ndose importancia por ello. Y tambi\u00e9n lo valiente e \u00edntegra, defendiendo lo que cre\u00eda justo, y sin ocultar ni disfrazar lo que pensaba. Mujer austera, como buena castellana, hizo siempre lo que ten\u00eda que hacer, sin quejarse y sin grandes aspavientos, hasta los \u00faltimos d\u00edas de su vida.<\/p>\n\n\n\n<p class=\"wp-block-paragraph\">Te echaremos mucho de menos, mam\u00e1. Sirvan estas palabras para agradecerte todo lo que t\u00fa, junto con pap\u00e1, has hecho por nosotros y por tantas personas, y como homenaje de cari\u00f1o y respeto de quienes te quisimos.<\/p>\n\n\n\n<p class=\"has-text-align-right wp-block-paragraph\">Hermanos Mor\u00e1n Quintanilla<\/p>\n","protected":false},"excerpt":{"rendered":"<p>Este mes de agosto ha fallecido nuestra madre, Elena Quintanilla Garc\u00eda. Persona en\u00e9rgica e independiente, llev\u00f3 con entereza los \u00faltimos [&#8230;]<\/p>\n","protected":false},"author":2,"featured_media":5614,"comment_status":"closed","ping_status":"closed","sticky":false,"template":"","format":"standard","meta":{"_coblocks_attr":"","_coblocks_dimensions":"","_coblocks_responsive_height":"","_coblocks_accordion_ie_support":"","_jetpack_memberships_contains_paid_content":false,"footnotes":""},"categories":[12],"tags":[],"class_list":["post-5613","post","type-post","status-publish","format-standard","has-post-thumbnail","hentry","category-obituario"],"jetpack_featured_media_url":"https:\/\/realacademiadesanquirce.es\/wp-content\/uploads\/2026\/08\/elena-quintanilla.jpg","jetpack_sharing_enabled":true,"_links":{"self":[{"href":"https:\/\/realacademiadesanquirce.es\/index.php?rest_route=\/wp\/v2\/posts\/5613","targetHints":{"allow":["GET"]}}],"collection":[{"href":"https:\/\/realacademiadesanquirce.es\/index.php?rest_route=\/wp\/v2\/posts"}],"about":[{"href":"https:\/\/realacademiadesanquirce.es\/index.php?rest_route=\/wp\/v2\/types\/post"}],"author":[{"embeddable":true,"href":"https:\/\/realacademiadesanquirce.es\/index.php?rest_route=\/wp\/v2\/users\/2"}],"replies":[{"embeddable":true,"href":"https:\/\/realacademiadesanquirce.es\/index.php?rest_route=%2Fwp%2Fv2%2Fcomments&post=5613"}],"version-history":[{"count":2,"href":"https:\/\/realacademiadesanquirce.es\/index.php?rest_route=\/wp\/v2\/posts\/5613\/revisions"}],"predecessor-version":[{"id":5616,"href":"https:\/\/realacademiadesanquirce.es\/index.php?rest_route=\/wp\/v2\/posts\/5613\/revisions\/5616"}],"wp:featuredmedia":[{"embeddable":true,"href":"https:\/\/realacademiadesanquirce.es\/index.php?rest_route=\/wp\/v2\/media\/5614"}],"wp:attachment":[{"href":"https:\/\/realacademiadesanquirce.es\/index.php?rest_route=%2Fwp%2Fv2%2Fmedia&parent=5613"}],"wp:term":[{"taxonomy":"category","embeddable":true,"href":"https:\/\/realacademiadesanquirce.es\/index.php?rest_route=%2Fwp%2Fv2%2Fcategories&post=5613"},{"taxonomy":"post_tag","embeddable":true,"href":"https:\/\/realacademiadesanquirce.es\/index.php?rest_route=%2Fwp%2Fv2%2Ftags&post=5613"}],"curies":[{"name":"wp","href":"https:\/\/api.w.org\/{rel}","templated":true}]}}